{"id":78428,"date":"2024-02-21T00:00:00","date_gmt":"2024-02-21T00:00:00","guid":{"rendered":"https:\/\/gufosaggio.net\/i\/quando-inizia-e-quando-finisce-linverno\/"},"modified":"2024-02-21T00:00:00","modified_gmt":"2024-02-21T00:00:00","slug":"quando-inizia-e-quando-finisce-linverno","status":"publish","type":"post","link":"https:\/\/gufosaggio.net\/i\/quando-inizia-e-quando-finisce-linverno\/","title":{"rendered":"Quando inizia e quando finisce l&#8217;inverno?"},"content":{"rendered":"<div id=\"ez-toc-container\" class=\"ez-toc-v2_0_87 counter-hierarchy ez-toc-counter ez-toc-grey ez-toc-container-direction\">\n<div class=\"ez-toc-title-container\">\n<p class=\"ez-toc-title\" style=\"cursor:inherit\">Table of Contents<\/p>\n<span class=\"ez-toc-title-toggle\"><a href=\"#\" class=\"ez-toc-pull-right ez-toc-btn ez-toc-btn-xs ez-toc-btn-default ez-toc-toggle\" aria-label=\"Toggle Table of Content\"><span class=\"ez-toc-js-icon-con\"><span class=\"\"><span class=\"eztoc-hide\" style=\"display:none;\">Toggle<\/span><span class=\"ez-toc-icon-toggle-span\"><svg style=\"fill: #999;color:#999\" xmlns=\"http:\/\/www.w3.org\/2000\/svg\" class=\"list-377408\" width=\"20px\" height=\"20px\" viewBox=\"0 0 24 24\" fill=\"none\"><path d=\"M6 6H4v2h2V6zm14 0H8v2h12V6zM4 11h2v2H4v-2zm16 0H8v2h12v-2zM4 16h2v2H4v-2zm16 0H8v2h12v-2z\" fill=\"currentColor\"><\/path><\/svg><svg style=\"fill: #999;color:#999\" class=\"arrow-unsorted-368013\" xmlns=\"http:\/\/www.w3.org\/2000\/svg\" width=\"10px\" height=\"10px\" viewBox=\"0 0 24 24\" version=\"1.2\" baseProfile=\"tiny\"><path d=\"M18.2 9.3l-6.2-6.3-6.2 6.3c-.2.2-.3.4-.3.7s.1.5.3.7c.2.2.4.3.7.3h11c.3 0 .5-.1.7-.3.2-.2.3-.5.3-.7s-.1-.5-.3-.7zM5.8 14.7l6.2 6.3 6.2-6.3c.2-.2.3-.5.3-.7s-.1-.5-.3-.7c-.2-.2-.4-.3-.7-.3h-11c-.3 0-.5.1-.7.3-.2.2-.3.5-.3.7s.1.5.3.7z\"\/><\/svg><\/span><\/span><\/span><\/a><\/span><\/div>\n<nav><ul class='ez-toc-list ez-toc-list-level-1 ' ><li class='ez-toc-page-1 ez-toc-heading-level-2'><a class=\"ez-toc-link ez-toc-heading-1\" href=\"https:\/\/gufosaggio.net\/i\/quando-inizia-e-quando-finisce-linverno\/#Clima_a_Napoli\" >Clima a Napoli<\/a><\/li><li class='ez-toc-page-1 ez-toc-heading-level-2'><a class=\"ez-toc-link ez-toc-heading-2\" href=\"https:\/\/gufosaggio.net\/i\/quando-inizia-e-quando-finisce-linverno\/#Fenomeni_invernali_e_previsioni\" >Fenomeni invernali e previsioni<\/a><\/li><li class='ez-toc-page-1 ez-toc-heading-level-2'><a class=\"ez-toc-link ez-toc-heading-3\" href=\"https:\/\/gufosaggio.net\/i\/quando-inizia-e-quando-finisce-linverno\/#Nevicate_e_condizioni_attuali\" >Nevicate e condizioni attuali<\/a><\/li><li class='ez-toc-page-1 ez-toc-heading-level-2'><a class=\"ez-toc-link ez-toc-heading-4\" href=\"https:\/\/gufosaggio.net\/i\/quando-inizia-e-quando-finisce-linverno\/#Bollettino_neve_in_Italia\" >Bollettino neve in Italia<\/a><\/li><\/ul><\/nav><\/div>\n<p>Il periodo dal 1o dicembre al 28 febbraio \u00e8 noto come &quot;inverno&quot; a livello meteorologico. Quali saranno le condizioni dell&#8217;inverno in Abruzzo? Nonostante la mitigazione del mare, in inverno possono arrivare ondate di freddo dai Balcani, con nevicate spesso lungo le coste. Il clima \u00e8 chiaramente pi\u00f9 continentale all&#8217;interno fino a diventare tipico di montagna, in particolare nella provincia dell&#8217;Aquila.<\/p>\n<h2><span class=\"ez-toc-section\" id=\"Clima_a_Napoli\"><\/span>Clima a Napoli<span class=\"ez-toc-section-end\"><\/span><\/h2>\n<p>Indipendentemente da ci\u00f2, quando inizia il freddo a Napoli? Il clima a Napoli \u00e8 tipicamente mite a gennaio, il mese pi\u00f9 freddo dell&#8217;anno. La temperatura minima \u00e8 di 4,7 \u00b0C e la temperatura massima \u00e8 di 13,5 \u00b0C. La temperatura \u00e8 tipicamente inferiore a -1 \u00b0C nelle notti pi\u00f9 fredde del mese.<\/p>\n<h2><span class=\"ez-toc-section\" id=\"Fenomeni_invernali_e_previsioni\"><\/span>Fenomeni invernali e previsioni<span class=\"ez-toc-section-end\"><\/span><\/h2>\n<p>In merito a questo, quando sar\u00e0 in Italia il grande freddo? Secondo i meteorologhi, l&#8217;aria fredda arriver\u00e0 dalla Russia tra il 21 e il 22 gennaio. Inizier\u00e0 dall&#8217;est attraverso l&#8217;Adriatico, portando nevicate a bassa quota nelle aree orientali. L&#8217;Anticiclone perder\u00e0 il controllo a causa di questa ondata gelida.<\/p>\n<h2><span class=\"ez-toc-section\" id=\"Nevicate_e_condizioni_attuali\"><\/span>Nevicate e condizioni attuali<span class=\"ez-toc-section-end\"><\/span><\/h2>\n<p>Quando nevicher\u00e0 a Milano nel 2021? marted\u00ec Neve immacolata: Mercoled\u00ec \u00e8 prevista un&#8217;ondata di freddo su Milano e la Lombardia. Nevicher\u00e0 dalle 8:00 del mattino fino alle 21.00 di sera. Il bilancio dei disagi \u00e8 stato il primo a nevicare a Milano mercoled\u00ec.<\/p>\n<h2><span class=\"ez-toc-section\" id=\"Bollettino_neve_in_Italia\"><\/span>Bollettino neve in Italia<span class=\"ez-toc-section-end\"><\/span><\/h2>\n<p>Dove c&#8217;\u00e8 la neve in Italia? Chi presenta il meteo al tg5? <\/p>\n<table>\n<thead>\n<tr>\n<th>Localit\u00e0<\/th>\n<th>Data<\/th>\n<th>Tipo neve<\/th>\n<\/tr>\n<\/thead>\n<tbody>\n<tr>\n<td>Corno del Renon (BZ)<\/td>\n<td>19 gennaio 2022<\/td>\n<td>30-45 cm, neve compatta<\/td>\n<\/tr>\n<tr>\n<td>Cortina d&#8217;Ampezzo (BL)<\/td>\n<td>19 gennaio 2022<\/td>\n<td>10-60 cm, neve compatta<\/td>\n<\/tr>\n<tr>\n<td>Corvara in Badia (BZ)<\/td>\n<td>19 gennaio 2022<\/td>\n<td>40-80 cm, neve farinosa<\/td>\n<\/tr>\n<tr>\n<td>Courmayeur (AO)<\/td>\n<td>19 gennaio 2022<\/td>\n<td>50-80 cm, neve compatta<\/td>\n<\/tr>\n<\/tbody>\n<\/table>\n<p>Andrea Giuliacci \u00e8 un italiano che lavora come meteorologo, climatologo e accademico.<\/p>\n","protected":false},"excerpt":{"rendered":"<p>Il periodo dal 1o dicembre al 28 febbraio \u00e8 noto come &quot;inverno&quot; a livello meteorologico. Quali saranno le condizioni dell&#8217;inverno in Abruzzo? Nonostante la mitigazione del mare, in inverno possono arrivare ondate di freddo dai Balcani, con nevicate spesso lungo le coste. Il clima \u00e8 chiaramente pi\u00f9 continentale all&#8217;interno fino a diventare tipico di montagna, &#8230; <a title=\"Quando inizia e quando finisce l&#8217;inverno?\" class=\"read-more\" href=\"https:\/\/gufosaggio.net\/i\/quando-inizia-e-quando-finisce-linverno\/\" aria-label=\"Per saperne di pi\u00f9 su Quando inizia e quando finisce l&#8217;inverno?\">Leggi tutto<\/a><\/p>\n","protected":false},"author":4919,"featured_media":0,"comment_status":"open","ping_status":"open","sticky":false,"template":"","format":"standard","meta":{"footnotes":""},"categories":[3],"tags":[],"class_list":["post-78428","post","type-post","status-publish","format-standard","hentry","category-q"],"_links":{"self":[{"href":"https:\/\/gufosaggio.net\/i\/wp-json\/wp\/v2\/posts\/78428","targetHints":{"allow":["GET"]}}],"collection":[{"href":"https:\/\/gufosaggio.net\/i\/wp-json\/wp\/v2\/posts"}],"about":[{"href":"https:\/\/gufosaggio.net\/i\/wp-json\/wp\/v2\/types\/post"}],"author":[{"embeddable":true,"href":"https:\/\/gufosaggio.net\/i\/wp-json\/wp\/v2\/users\/4919"}],"replies":[{"embeddable":true,"href":"https:\/\/gufosaggio.net\/i\/wp-json\/wp\/v2\/comments?post=78428"}],"version-history":[{"count":0,"href":"https:\/\/gufosaggio.net\/i\/wp-json\/wp\/v2\/posts\/78428\/revisions"}],"wp:attachment":[{"href":"https:\/\/gufosaggio.net\/i\/wp-json\/wp\/v2\/media?parent=78428"}],"wp:term":[{"taxonomy":"category","embeddable":true,"href":"https:\/\/gufosaggio.net\/i\/wp-json\/wp\/v2\/categories?post=78428"},{"taxonomy":"post_tag","embeddable":true,"href":"https:\/\/gufosaggio.net\/i\/wp-json\/wp\/v2\/tags?post=78428"}],"curies":[{"name":"wp","href":"https:\/\/api.w.org\/{rel}","templated":true}]}}